{"id":8428,"date":"2023-12-01T19:01:22","date_gmt":"2023-12-02T00:01:22","guid":{"rendered":"https:\/\/www.senneville.ca\/?p=8428"},"modified":"2023-12-01T19:04:31","modified_gmt":"2023-12-02T00:04:31","slug":"complete-closure-and-new-configuration-of-the-lile-aux-tourtes-bridge","status":"publish","type":"post","link":"https:\/\/www.senneville.ca\/en\/complete-closure-and-new-configuration-of-the-lile-aux-tourtes-bridge\/","title":{"rendered":"Complete closure and new configuration of the  l\u2019\u00cele-aux-Tourtes bridge"},"content":{"rendered":"\n\n<div class=\"wp-block-post-date\"><time datetime=\"2023-12-01T19:01:22-05:00\">1 December 2023<\/time><\/div>\n\n\n<p>The <em>minist\u00e8re des Transports et de la Mobilit\u00e9 durable<\/em> informs road users that only one lane per direction will be available on the \u00cele-aux-Tourtes bridge, starting tonight, for several weeks. To mitigate the impact of&nbsp;this additional hindrance, toll passage on Autoroute 30 and travel from certain stations on the Vaudreuil-Hudson train line will be free of charge during this period.&nbsp;<br><br><strong>Traffic management&nbsp;<\/strong><br><strong>As of Saturday, 12:01 a.m., only one lane per direction will be available on the bridge due to damage to a portion of the slab.&nbsp;<\/strong><br><br><strong>A complete closure of the eastbound bridge for one hour will be required to implement this configuration on Friday, from 11 p.m. to midnight.&nbsp;<\/strong><br><br>The public is invited to use public transport. Travel planning information is available on the <a href=\"https:\/\/villagesenneville.us13.list-manage.com\/track\/click?u=1eaa3b3a32a43eeb193ad8071&amp;id=9751085e4b&amp;e=056c7e0a71\" target=\"_blank\" rel=\"noreferrer noopener\">Chrono application<\/a>.&nbsp;<br><br>Motorists are invited to use Autoroute 20; truckers, Autoroute 30.&nbsp;<br><br><strong>Highlights&nbsp;<\/strong><br>Starting Monday, December 4, train service will be free on the exo11 Vaudreuil-Hudson line, for users of the following stations: &nbsp;<\/p>\n\n\n\n<ul class=\"wp-block-list\">\n<li>Hudson&nbsp;<\/li>\n\n\n\n<li>Vaudreuil&nbsp;<\/li>\n\n\n\n<li>Dorion&nbsp;<\/li>\n\n\n\n<li>Pincourt&nbsp;<\/li>\n\n\n\n<li>\u00cele-Perrot\u00a0<\/li>\n<\/ul>\n\n\n\n<p>This is in addition to the mitigation measures already in place:&nbsp;<\/p>\n\n\n\n<ul class=\"wp-block-list\">\n<li>Improved train service on the exo11 Vaudreuil-Hudson line with the addition of the following extra departures:\n<ul class=\"wp-block-list\">\n<li>Train #12: Departs Hudson Station at 6:14 a.m;&nbsp;<\/li>\n\n\n\n<li>Train #16: Departs from Vaudreuil at 7:30 a.m;&nbsp;<\/li>\n\n\n\n<li>Train #21: Departs Lucien L&#8217;Allier station at 4:40 p.m., terminating at Hudson station.&nbsp;<\/li>\n<\/ul>\n<\/li>\n\n\n\n<li>A hundred bus departures on routes 7, 10, 35 and 40 managed by exo with government funding. Funding will be renewed in 2024 at a cost of $2.3 million.<\/li>\n<\/ul>\n\n\n\n<p>The reopening of a third lane and a return to dynamic traffic management on weekdays will be possible once repair work on the damaged slab has been completed. This will make it possible to keep two of the three lanes open in the direction of traffic flow during peak periods.<\/p>\n\n\n\n<figure class=\"wp-block-image size-large\"><img decoding=\"async\" width=\"1024\" height=\"1024\" data-src=\"https:\/\/www.senneville.ca\/wp-content\/uploads\/2023\/12\/INFOGRAPHIE-1-voie-par-direction-PIT-1024x1024.jpg\" alt=\"\" class=\"wp-image-8426 lazyload\" data-srcset=\"https:\/\/www.senneville.ca\/wp-content\/uploads\/2023\/12\/INFOGRAPHIE-1-voie-par-direction-PIT-1024x1024.jpg 1024w, https:\/\/www.senneville.ca\/wp-content\/uploads\/2023\/12\/INFOGRAPHIE-1-voie-par-direction-PIT-300x300.jpg 300w, https:\/\/www.senneville.ca\/wp-content\/uploads\/2023\/12\/INFOGRAPHIE-1-voie-par-direction-PIT-150x150.jpg 150w, https:\/\/www.senneville.ca\/wp-content\/uploads\/2023\/12\/INFOGRAPHIE-1-voie-par-direction-PIT-768x768.jpg 768w, https:\/\/www.senneville.ca\/wp-content\/uploads\/2023\/12\/INFOGRAPHIE-1-voie-par-direction-PIT-1536x1536.jpg 1536w, https:\/\/www.senneville.ca\/wp-content\/uploads\/2023\/12\/INFOGRAPHIE-1-voie-par-direction-PIT-2048x2048.jpg 2048w\" data-sizes=\"(max-width: 1024px) 100vw, 1024px\" src=\"data:image\/svg+xml;base64,PHN2ZyB3aWR0aD0iMSIgaGVpZ2h0PSIxIiB4bWxucz0iaHR0cDovL3d3dy53My5vcmcvMjAwMC9zdmciPjwvc3ZnPg==\" style=\"--smush-placeholder-width: 1024px; --smush-placeholder-aspect-ratio: 1024\/1024;\" \/><\/figure>\n","protected":false},"excerpt":{"rendered":"<p>The minist\u00e8re des Transports et de la Mobilit\u00e9 durable informs<\/p>\n","protected":false},"author":5,"featured_media":8426,"comment_status":"closed","ping_status":"closed","sticky":false,"template":"","format":"standard","meta":{"_acf_changed":false,"inline_featured_image":false,"footnotes":""},"categories":[2],"tags":[],"class_list":["post-8428","post","type-post","status-publish","format-standard","has-post-thumbnail","hentry","category-uncategorized"],"acf":[],"yoast_head":"<!-- This site is optimized with the Yoast SEO plugin v27.5 - https:\/\/yoast.com\/product\/yoast-seo-wordpress\/ -->\n<title>Complete closure and new configuration of the l\u2019\u00cele-aux-Tourtes bridge - Village de Senneville<\/title>\n<meta name=\"robots\" content=\"index, follow, max-snippet:-1, max-image-preview:large, max-video-preview:-1\" \/>\n<link rel=\"canonical\" href=\"https:\/\/www.senneville.ca\/en\/complete-closure-and-new-configuration-of-the-lile-aux-tourtes-bridge\/\" \/>\n<meta property=\"og:locale\" content=\"en_US\" \/>\n<meta property=\"og:type\" content=\"article\" \/>\n<meta property=\"og:title\" content=\"Complete closure and new configuration of the l\u2019\u00cele-aux-Tourtes bridge - Village de Senneville\" \/>\n<meta property=\"og:description\" content=\"The minist\u00e8re des Transports et de la Mobilit\u00e9 durable informs\" \/>\n<meta property=\"og:url\" content=\"https:\/\/www.senneville.ca\/en\/complete-closure-and-new-configuration-of-the-lile-aux-tourtes-bridge\/\" \/>\n<meta property=\"og:site_name\" content=\"Village de Senneville\" \/>\n<meta property=\"article:publisher\" content=\"https:\/\/www.facebook.com\/senneville.ca\" \/>\n<meta property=\"article:published_time\" content=\"2023-12-02T00:01:22+00:00\" \/>\n<meta property=\"article:modified_time\" content=\"2023-12-02T00:04:31+00:00\" \/>\n<meta property=\"og:image\" content=\"https:\/\/www.senneville.ca\/wp-content\/uploads\/2023\/12\/INFOGRAPHIE-1-voie-par-direction-PIT.jpg\" \/>\n\t<meta property=\"og:image:width\" content=\"2160\" \/>\n\t<meta property=\"og:image:height\" content=\"2160\" \/>\n\t<meta property=\"og:image:type\" content=\"image\/jpeg\" \/>\n<meta name=\"author\" content=\"communications@senneville.ca\" \/>\n<meta name=\"twitter:card\" content=\"summary_large_image\" \/>\n<meta name=\"twitter:label1\" content=\"Written by\" \/>\n\t<meta name=\"twitter:data1\" content=\"communications@senneville.ca\" \/>\n\t<meta name=\"twitter:label2\" content=\"Est. reading time\" \/>\n\t<meta name=\"twitter:data2\" content=\"2 minutes\" \/>\n<script type=\"application\/ld+json\" class=\"yoast-schema-graph\">{\n\t    \"@context\": \"https:\\\/\\\/schema.org\",\n\t    \"@graph\": [\n\t        {\n\t            \"@type\": \"NewsArticle\",\n\t            \"@id\": \"https:\\\/\\\/www.senneville.ca\\\/en\\\/complete-closure-and-new-configuration-of-the-lile-aux-tourtes-bridge\\\/#article\",\n\t            \"isPartOf\": {\n\t                \"@id\": \"https:\\\/\\\/www.senneville.ca\\\/en\\\/complete-closure-and-new-configuration-of-the-lile-aux-tourtes-bridge\\\/\"\n\t            },\n\t            \"author\": {\n\t                \"name\": \"communications@senneville.ca\",\n\t                \"@id\": \"https:\\\/\\\/www.senneville.ca\\\/en\\\/#\\\/schema\\\/person\\\/4974b1c6bc59e49795a7f6744be5533e\"\n\t            },\n\t            \"headline\": \"Complete closure and new configuration of the l\u2019\u00cele-aux-Tourtes bridge\",\n\t            \"datePublished\": \"2023-12-02T00:01:22+00:00\",\n\t            \"dateModified\": \"2023-12-02T00:04:31+00:00\",\n\t            \"mainEntityOfPage\": {\n\t                \"@id\": \"https:\\\/\\\/www.senneville.ca\\\/en\\\/complete-closure-and-new-configuration-of-the-lile-aux-tourtes-bridge\\\/\"\n\t            },\n\t            \"wordCount\": 316,\n\t            \"publisher\": {\n\t                \"@id\": \"https:\\\/\\\/www.senneville.ca\\\/en\\\/#organization\"\n\t            },\n\t            \"image\": {\n\t                \"@id\": \"https:\\\/\\\/www.senneville.ca\\\/en\\\/complete-closure-and-new-configuration-of-the-lile-aux-tourtes-bridge\\\/#primaryimage\"\n\t            },\n\t            \"thumbnailUrl\": \"https:\\\/\\\/www.senneville.ca\\\/wp-content\\\/uploads\\\/2023\\\/12\\\/INFOGRAPHIE-1-voie-par-direction-PIT.jpg\",\n\t            \"inLanguage\": \"en-US\"\n\t        },\n\t        {\n\t            \"@type\": \"WebPage\",\n\t            \"@id\": \"https:\\\/\\\/www.senneville.ca\\\/en\\\/complete-closure-and-new-configuration-of-the-lile-aux-tourtes-bridge\\\/\",\n\t            \"url\": \"https:\\\/\\\/www.senneville.ca\\\/en\\\/complete-closure-and-new-configuration-of-the-lile-aux-tourtes-bridge\\\/\",\n\t            \"name\": \"Complete closure and new configuration of the l\u2019\u00cele-aux-Tourtes bridge - Village de Senneville\",\n\t            \"isPartOf\": {\n\t                \"@id\": \"https:\\\/\\\/www.senneville.ca\\\/en\\\/#website\"\n\t            },\n\t            \"primaryImageOfPage\": {\n\t                \"@id\": \"https:\\\/\\\/www.senneville.ca\\\/en\\\/complete-closure-and-new-configuration-of-the-lile-aux-tourtes-bridge\\\/#primaryimage\"\n\t            },\n\t            \"image\": {\n\t                \"@id\": \"https:\\\/\\\/www.senneville.ca\\\/en\\\/complete-closure-and-new-configuration-of-the-lile-aux-tourtes-bridge\\\/#primaryimage\"\n\t            },\n\t            \"thumbnailUrl\": \"https:\\\/\\\/www.senneville.ca\\\/wp-content\\\/uploads\\\/2023\\\/12\\\/INFOGRAPHIE-1-voie-par-direction-PIT.jpg\",\n\t            \"datePublished\": \"2023-12-02T00:01:22+00:00\",\n\t            \"dateModified\": \"2023-12-02T00:04:31+00:00\",\n\t            \"breadcrumb\": {\n\t                \"@id\": \"https:\\\/\\\/www.senneville.ca\\\/en\\\/complete-closure-and-new-configuration-of-the-lile-aux-tourtes-bridge\\\/#breadcrumb\"\n\t            },\n\t            \"inLanguage\": \"en-US\",\n\t            \"potentialAction\": [\n\t                {\n\t                    \"@type\": \"ReadAction\",\n\t                    \"target\": [\n\t                        \"https:\\\/\\\/www.senneville.ca\\\/en\\\/complete-closure-and-new-configuration-of-the-lile-aux-tourtes-bridge\\\/\"\n\t                    ]\n\t                }\n\t            ]\n\t        },\n\t        {\n\t            \"@type\": \"ImageObject\",\n\t            \"inLanguage\": \"en-US\",\n\t            \"@id\": \"https:\\\/\\\/www.senneville.ca\\\/en\\\/complete-closure-and-new-configuration-of-the-lile-aux-tourtes-bridge\\\/#primaryimage\",\n\t            \"url\": \"https:\\\/\\\/www.senneville.ca\\\/wp-content\\\/uploads\\\/2023\\\/12\\\/INFOGRAPHIE-1-voie-par-direction-PIT.jpg\",\n\t            \"contentUrl\": \"https:\\\/\\\/www.senneville.ca\\\/wp-content\\\/uploads\\\/2023\\\/12\\\/INFOGRAPHIE-1-voie-par-direction-PIT.jpg\",\n\t            \"width\": 2160,\n\t            \"height\": 2160\n\t        },\n\t        {\n\t            \"@type\": \"BreadcrumbList\",\n\t            \"@id\": \"https:\\\/\\\/www.senneville.ca\\\/en\\\/complete-closure-and-new-configuration-of-the-lile-aux-tourtes-bridge\\\/#breadcrumb\",\n\t            \"itemListElement\": [\n\t                {\n\t                    \"@type\": \"ListItem\",\n\t                    \"position\": 1,\n\t                    \"name\": \"Home\",\n\t                    \"item\": \"https:\\\/\\\/www.senneville.ca\\\/en\\\/\"\n\t                },\n\t                {\n\t                    \"@type\": \"ListItem\",\n\t                    \"position\": 2,\n\t                    \"name\": \"Complete closure and new configuration of the l\u2019\u00cele-aux-Tourtes bridge\"\n\t                }\n\t            ]\n\t        },\n\t        {\n\t            \"@type\": \"WebSite\",\n\t            \"@id\": \"https:\\\/\\\/www.senneville.ca\\\/en\\\/#website\",\n\t            \"url\": \"https:\\\/\\\/www.senneville.ca\\\/en\\\/\",\n\t            \"name\": \"Village de Senneville\",\n\t            \"description\": \"Bienvenue au Village de Senneville\",\n\t            \"publisher\": {\n\t                \"@id\": \"https:\\\/\\\/www.senneville.ca\\\/en\\\/#organization\"\n\t            },\n\t            \"potentialAction\": [\n\t                {\n\t                    \"@type\": \"SearchAction\",\n\t                    \"target\": {\n\t                        \"@type\": \"EntryPoint\",\n\t                        \"urlTemplate\": \"https:\\\/\\\/www.senneville.ca\\\/en\\\/?s={search_term_string}\"\n\t                    },\n\t                    \"query-input\": {\n\t                        \"@type\": \"PropertyValueSpecification\",\n\t                        \"valueRequired\": true,\n\t                        \"valueName\": \"search_term_string\"\n\t                    }\n\t                }\n\t            ],\n\t            \"inLanguage\": \"en-US\"\n\t        },\n\t        {\n\t            \"@type\": \"Organization\",\n\t            \"@id\": \"https:\\\/\\\/www.senneville.ca\\\/en\\\/#organization\",\n\t            \"name\": \"Village de Senneville\",\n\t            \"alternateName\": \"Senneville\",\n\t            \"url\": \"https:\\\/\\\/www.senneville.ca\\\/en\\\/\",\n\t            \"logo\": {\n\t                \"@type\": \"ImageObject\",\n\t                \"inLanguage\": \"en-US\",\n\t                \"@id\": \"https:\\\/\\\/www.senneville.ca\\\/en\\\/#\\\/schema\\\/logo\\\/image\\\/\",\n\t                \"url\": \"https:\\\/\\\/www.senneville.ca\\\/wp-content\\\/uploads\\\/2022\\\/10\\\/Senneville-logo-Pantone.png\",\n\t                \"contentUrl\": \"https:\\\/\\\/www.senneville.ca\\\/wp-content\\\/uploads\\\/2022\\\/10\\\/Senneville-logo-Pantone.png\",\n\t                \"width\": 1547,\n\t                \"height\": 1810,\n\t                \"caption\": \"Village de Senneville\"\n\t            },\n\t            \"image\": {\n\t                \"@id\": \"https:\\\/\\\/www.senneville.ca\\\/en\\\/#\\\/schema\\\/logo\\\/image\\\/\"\n\t            },\n\t            \"sameAs\": [\n\t                \"https:\\\/\\\/www.facebook.com\\\/senneville.ca\",\n\t                \"https:\\\/\\\/ca.linkedin.com\\\/company\\\/village-de-senneville\",\n\t                \"https:\\\/\\\/www.instagram.com\\\/village_senneville\"\n\t            ]\n\t        },\n\t        {\n\t            \"@type\": \"Person\",\n\t            \"@id\": \"https:\\\/\\\/www.senneville.ca\\\/en\\\/#\\\/schema\\\/person\\\/4974b1c6bc59e49795a7f6744be5533e\",\n\t            \"name\": \"communications@senneville.ca\",\n\t            \"image\": {\n\t                \"@type\": \"ImageObject\",\n\t                \"inLanguage\": \"en-US\",\n\t                \"@id\": \"https:\\\/\\\/secure.gravatar.com\\\/avatar\\\/cad81328744c398a11071bb8cf77fa450c11fe3f2f4f8688479c5fdbcc14d6ae?s=96&d=mm&r=g\",\n\t                \"url\": \"https:\\\/\\\/secure.gravatar.com\\\/avatar\\\/cad81328744c398a11071bb8cf77fa450c11fe3f2f4f8688479c5fdbcc14d6ae?s=96&d=mm&r=g\",\n\t                \"contentUrl\": \"https:\\\/\\\/secure.gravatar.com\\\/avatar\\\/cad81328744c398a11071bb8cf77fa450c11fe3f2f4f8688479c5fdbcc14d6ae?s=96&d=mm&r=g\",\n\t                \"caption\": \"communications@senneville.ca\"\n\t            },\n\t            \"url\": \"https:\\\/\\\/www.senneville.ca\\\/en\\\/author\\\/communicationssenneville-ca\\\/\"\n\t        }\n\t    ]\n\t}<\/script>\n<!-- \/ Yoast SEO plugin. -->","yoast_head_json":{"title":"Complete closure and new configuration of the l\u2019\u00cele-aux-Tourtes bridge - Village de Senneville","robots":{"index":"index","follow":"follow","max-snippet":"max-snippet:-1","max-image-preview":"max-image-preview:large","max-video-preview":"max-video-preview:-1"},"canonical":"https:\/\/www.senneville.ca\/en\/complete-closure-and-new-configuration-of-the-lile-aux-tourtes-bridge\/","og_locale":"en_US","og_type":"article","og_title":"Complete closure and new configuration of the l\u2019\u00cele-aux-Tourtes bridge - Village de Senneville","og_description":"The minist\u00e8re des Transports et de la Mobilit\u00e9 durable informs","og_url":"https:\/\/www.senneville.ca\/en\/complete-closure-and-new-configuration-of-the-lile-aux-tourtes-bridge\/","og_site_name":"Village de Senneville","article_publisher":"https:\/\/www.facebook.com\/senneville.ca","article_published_time":"2023-12-02T00:01:22+00:00","article_modified_time":"2023-12-02T00:04:31+00:00","og_image":[{"width":2160,"height":2160,"url":"https:\/\/www.senneville.ca\/wp-content\/uploads\/2023\/12\/INFOGRAPHIE-1-voie-par-direction-PIT.jpg","type":"image\/jpeg"}],"author":"communications@senneville.ca","twitter_card":"summary_large_image","twitter_misc":{"Written by":"communications@senneville.ca","Est. reading time":"2 minutes"},"schema":{"@context":"https:\/\/schema.org","@graph":[{"@type":"NewsArticle","@id":"https:\/\/www.senneville.ca\/en\/complete-closure-and-new-configuration-of-the-lile-aux-tourtes-bridge\/#article","isPartOf":{"@id":"https:\/\/www.senneville.ca\/en\/complete-closure-and-new-configuration-of-the-lile-aux-tourtes-bridge\/"},"author":{"name":"communications@senneville.ca","@id":"https:\/\/www.senneville.ca\/en\/#\/schema\/person\/4974b1c6bc59e49795a7f6744be5533e"},"headline":"Complete closure and new configuration of the l\u2019\u00cele-aux-Tourtes bridge","datePublished":"2023-12-02T00:01:22+00:00","dateModified":"2023-12-02T00:04:31+00:00","mainEntityOfPage":{"@id":"https:\/\/www.senneville.ca\/en\/complete-closure-and-new-configuration-of-the-lile-aux-tourtes-bridge\/"},"wordCount":316,"publisher":{"@id":"https:\/\/www.senneville.ca\/en\/#organization"},"image":{"@id":"https:\/\/www.senneville.ca\/en\/complete-closure-and-new-configuration-of-the-lile-aux-tourtes-bridge\/#primaryimage"},"thumbnailUrl":"https:\/\/www.senneville.ca\/wp-content\/uploads\/2023\/12\/INFOGRAPHIE-1-voie-par-direction-PIT.jpg","inLanguage":"en-US"},{"@type":"WebPage","@id":"https:\/\/www.senneville.ca\/en\/complete-closure-and-new-configuration-of-the-lile-aux-tourtes-bridge\/","url":"https:\/\/www.senneville.ca\/en\/complete-closure-and-new-configuration-of-the-lile-aux-tourtes-bridge\/","name":"Complete closure and new configuration of the l\u2019\u00cele-aux-Tourtes bridge - Village de Senneville","isPartOf":{"@id":"https:\/\/www.senneville.ca\/en\/#website"},"primaryImageOfPage":{"@id":"https:\/\/www.senneville.ca\/en\/complete-closure-and-new-configuration-of-the-lile-aux-tourtes-bridge\/#primaryimage"},"image":{"@id":"https:\/\/www.senneville.ca\/en\/complete-closure-and-new-configuration-of-the-lile-aux-tourtes-bridge\/#primaryimage"},"thumbnailUrl":"https:\/\/www.senneville.ca\/wp-content\/uploads\/2023\/12\/INFOGRAPHIE-1-voie-par-direction-PIT.jpg","datePublished":"2023-12-02T00:01:22+00:00","dateModified":"2023-12-02T00:04:31+00:00","breadcrumb":{"@id":"https:\/\/www.senneville.ca\/en\/complete-closure-and-new-configuration-of-the-lile-aux-tourtes-bridge\/#breadcrumb"},"inLanguage":"en-US","potentialAction":[{"@type":"ReadAction","target":["https:\/\/www.senneville.ca\/en\/complete-closure-and-new-configuration-of-the-lile-aux-tourtes-bridge\/"]}]},{"@type":"ImageObject","inLanguage":"en-US","@id":"https:\/\/www.senneville.ca\/en\/complete-closure-and-new-configuration-of-the-lile-aux-tourtes-bridge\/#primaryimage","url":"https:\/\/www.senneville.ca\/wp-content\/uploads\/2023\/12\/INFOGRAPHIE-1-voie-par-direction-PIT.jpg","contentUrl":"https:\/\/www.senneville.ca\/wp-content\/uploads\/2023\/12\/INFOGRAPHIE-1-voie-par-direction-PIT.jpg","width":2160,"height":2160},{"@type":"BreadcrumbList","@id":"https:\/\/www.senneville.ca\/en\/complete-closure-and-new-configuration-of-the-lile-aux-tourtes-bridge\/#breadcrumb","itemListElement":[{"@type":"ListItem","position":1,"name":"Home","item":"https:\/\/www.senneville.ca\/en\/"},{"@type":"ListItem","position":2,"name":"Complete closure and new configuration of the l\u2019\u00cele-aux-Tourtes bridge"}]},{"@type":"WebSite","@id":"https:\/\/www.senneville.ca\/en\/#website","url":"https:\/\/www.senneville.ca\/en\/","name":"Village de Senneville","description":"Bienvenue au Village de Senneville","publisher":{"@id":"https:\/\/www.senneville.ca\/en\/#organization"},"potentialAction":[{"@type":"SearchAction","target":{"@type":"EntryPoint","urlTemplate":"https:\/\/www.senneville.ca\/en\/?s={search_term_string}"},"query-input":{"@type":"PropertyValueSpecification","valueRequired":true,"valueName":"search_term_string"}}],"inLanguage":"en-US"},{"@type":"Organization","@id":"https:\/\/www.senneville.ca\/en\/#organization","name":"Village de Senneville","alternateName":"Senneville","url":"https:\/\/www.senneville.ca\/en\/","logo":{"@type":"ImageObject","inLanguage":"en-US","@id":"https:\/\/www.senneville.ca\/en\/#\/schema\/logo\/image\/","url":"https:\/\/www.senneville.ca\/wp-content\/uploads\/2022\/10\/Senneville-logo-Pantone.png","contentUrl":"https:\/\/www.senneville.ca\/wp-content\/uploads\/2022\/10\/Senneville-logo-Pantone.png","width":1547,"height":1810,"caption":"Village de Senneville"},"image":{"@id":"https:\/\/www.senneville.ca\/en\/#\/schema\/logo\/image\/"},"sameAs":["https:\/\/www.facebook.com\/senneville.ca","https:\/\/ca.linkedin.com\/company\/village-de-senneville","https:\/\/www.instagram.com\/village_senneville"]},{"@type":"Person","@id":"https:\/\/www.senneville.ca\/en\/#\/schema\/person\/4974b1c6bc59e49795a7f6744be5533e","name":"communications@senneville.ca","image":{"@type":"ImageObject","inLanguage":"en-US","@id":"https:\/\/secure.gravatar.com\/avatar\/cad81328744c398a11071bb8cf77fa450c11fe3f2f4f8688479c5fdbcc14d6ae?s=96&d=mm&r=g","url":"https:\/\/secure.gravatar.com\/avatar\/cad81328744c398a11071bb8cf77fa450c11fe3f2f4f8688479c5fdbcc14d6ae?s=96&d=mm&r=g","contentUrl":"https:\/\/secure.gravatar.com\/avatar\/cad81328744c398a11071bb8cf77fa450c11fe3f2f4f8688479c5fdbcc14d6ae?s=96&d=mm&r=g","caption":"communications@senneville.ca"},"url":"https:\/\/www.senneville.ca\/en\/author\/communicationssenneville-ca\/"}]}},"_links":{"self":[{"href":"https:\/\/www.senneville.ca\/en\/wp-json\/wp\/v2\/posts\/8428","targetHints":{"allow":["GET"]}}],"collection":[{"href":"https:\/\/www.senneville.ca\/en\/wp-json\/wp\/v2\/posts"}],"about":[{"href":"https:\/\/www.senneville.ca\/en\/wp-json\/wp\/v2\/types\/post"}],"author":[{"embeddable":true,"href":"https:\/\/www.senneville.ca\/en\/wp-json\/wp\/v2\/users\/5"}],"replies":[{"embeddable":true,"href":"https:\/\/www.senneville.ca\/en\/wp-json\/wp\/v2\/comments?post=8428"}],"version-history":[{"count":0,"href":"https:\/\/www.senneville.ca\/en\/wp-json\/wp\/v2\/posts\/8428\/revisions"}],"wp:featuredmedia":[{"embeddable":true,"href":"https:\/\/www.senneville.ca\/en\/wp-json\/wp\/v2\/media\/8426"}],"wp:attachment":[{"href":"https:\/\/www.senneville.ca\/en\/wp-json\/wp\/v2\/media?parent=8428"}],"wp:term":[{"taxonomy":"category","embeddable":true,"href":"https:\/\/www.senneville.ca\/en\/wp-json\/wp\/v2\/categories?post=8428"},{"taxonomy":"post_tag","embeddable":true,"href":"https:\/\/www.senneville.ca\/en\/wp-json\/wp\/v2\/tags?post=8428"}],"curies":[{"name":"wp","href":"https:\/\/api.w.org\/{rel}","templated":true}]}}