{"id":20615,"date":"2026-04-29T16:48:31","date_gmt":"2026-04-29T20:48:31","guid":{"rendered":"https:\/\/www.senneville.ca\/mise-a-jour-refonte-du-reseau-dautobus-de-la-stm-des-le-18-mai\/"},"modified":"2026-04-29T16:51:40","modified_gmt":"2026-04-29T20:51:40","slug":"update-stm-bus-network-redesign-starting-may-18","status":"publish","type":"post","link":"https:\/\/www.senneville.ca\/en\/update-stm-bus-network-redesign-starting-may-18\/","title":{"rendered":"Update \u2013 STM Bus Network Redesign Starting May 18"},"content":{"rendered":"\n\n<div class=\"wp-block-post-date\"><time datetime=\"2026-04-29T16:48:31-04:00\">29 April 2026<\/time><\/div>\n\n\n<p>The <em>Soci\u00e9t\u00e9 de transport de Montr\u00e9al<\/em> (STM) will carry out a redesign of its bus network starting May 18 to prepare for the opening of the Anse\u2011\u00e0\u2011l\u2019Orme\u00a0REM branch. These adjustments are intended to make travel easier and to improve connections to this new high\u2011capacity transit system.\u00a0<\/p>\n\n\n\n<p><strong>Changes in Senneville<\/strong>&nbsp;<\/p>\n\n\n\n<p>Several significant improvements are planned within the Town of Senneville:&nbsp;<\/p>\n\n\n\n<ul class=\"wp-block-list\">\n<li><strong>Addition of a collective taxi stop<\/strong>\u00a0providing an efficient connection to the Anse\u2011\u00e0\u2011l\u2019Orme\u00a0REM station. This service will offer residents a flexible\u00a0option\u00a0at the same fare as the bus and the REM.\u00a0<\/li>\n<\/ul>\n\n\n\n<ul class=\"wp-block-list\">\n<li><strong>Launch of a new bus route (222 \u2013 Senneville).<\/strong>\u00a0This route\u00a0will\u00a0serve:\u00a0\u00a0<\/li>\n<\/ul>\n\n\n\n<ul class=\"wp-block-list\">\n<li>businesses\u00a0located\u00a0along the Trans\u2011Canada\u00a0Highway;\u00a0<\/li>\n<\/ul>\n\n\n\n<ul class=\"wp-block-list\">\n<li>the\u00a0industrial\u00a0sector; and\u00a0<\/li>\n<\/ul>\n\n\n\n<ul class=\"wp-block-list\">\n<li>a direct connection to the REM,\u00a0mainly during\u00a0morning and evening rush hours.\u00a0<\/li>\n<\/ul>\n\n\n\n<p>These changes are part of a broader&nbsp;objective&nbsp;to improve accessibility, mobility, and the smooth flow of travel between Senneville, employment areas, and the metropolitan public transit network.&nbsp;<\/p>\n\n\n\n<p><strong>Learn More<\/strong>&nbsp;<\/p>\n\n\n\n<p>Residents are invited to consult the\u00a0<strong><a href=\"https:\/\/www.senneville.ca\/wp-content\/uploads\/2026\/04\/2026_Onepager_Refonte-bus_Senneville-2.pdf\">detailed presentation<\/a><\/strong>\u00a0(French only)\u00a0of the\u00a0<a href=\"https:\/\/www.stm.info\/fr\/a-propos\/grands-projets\/grands-projets-bus\/refonte-du-reseau-bus\" target=\"_blank\" rel=\"noreferrer noopener\">STM website<\/a>\u00a0to plan their trips and review schedules and service details.<\/p>\n","protected":false},"excerpt":{"rendered":"<p>The Soci\u00e9t\u00e9 de transport de Montr\u00e9al (STM) will carry out<\/p>\n","protected":false},"author":5,"featured_media":19715,"comment_status":"closed","ping_status":"closed","sticky":false,"template":"","format":"standard","meta":{"_acf_changed":false,"inline_featured_image":false,"footnotes":""},"categories":[2],"tags":[],"class_list":["post-20615","post","type-post","status-publish","format-standard","has-post-thumbnail","hentry","category-uncategorized"],"acf":[],"yoast_head":"<!-- This site is optimized with the Yoast SEO plugin v27.5 - https:\/\/yoast.com\/product\/yoast-seo-wordpress\/ -->\n<title>Update \u2013 STM Bus Network Redesign Starting May 18 - Village de Senneville<\/title>\n<meta name=\"robots\" content=\"index, follow, max-snippet:-1, max-image-preview:large, max-video-preview:-1\" \/>\n<link rel=\"canonical\" href=\"https:\/\/www.senneville.ca\/en\/update-stm-bus-network-redesign-starting-may-18\/\" \/>\n<meta property=\"og:locale\" content=\"en_US\" \/>\n<meta property=\"og:type\" content=\"article\" \/>\n<meta property=\"og:title\" content=\"Update \u2013 STM Bus Network Redesign Starting May 18 - Village de Senneville\" \/>\n<meta property=\"og:description\" content=\"The Soci\u00e9t\u00e9 de transport de Montr\u00e9al (STM) will carry out\" \/>\n<meta property=\"og:url\" content=\"https:\/\/www.senneville.ca\/en\/update-stm-bus-network-redesign-starting-may-18\/\" \/>\n<meta property=\"og:site_name\" content=\"Village de Senneville\" \/>\n<meta property=\"article:publisher\" content=\"https:\/\/www.facebook.com\/senneville.ca\" \/>\n<meta property=\"article:published_time\" content=\"2026-04-29T20:48:31+00:00\" \/>\n<meta property=\"article:modified_time\" content=\"2026-04-29T20:51:40+00:00\" \/>\n<meta property=\"og:image\" content=\"https:\/\/www.senneville.ca\/wp-content\/uploads\/2026\/02\/25306_29-KitMedia_Municipalite_Kiosque__1080x1080.png\" \/>\n\t<meta property=\"og:image:width\" content=\"1080\" \/>\n\t<meta property=\"og:image:height\" content=\"1080\" \/>\n\t<meta property=\"og:image:type\" content=\"image\/png\" \/>\n<meta name=\"author\" content=\"communications@senneville.ca\" \/>\n<meta name=\"twitter:card\" content=\"summary_large_image\" \/>\n<meta name=\"twitter:label1\" content=\"Written by\" \/>\n\t<meta name=\"twitter:data1\" content=\"communications@senneville.ca\" \/>\n\t<meta name=\"twitter:label2\" content=\"Est. reading time\" \/>\n\t<meta name=\"twitter:data2\" content=\"1 minute\" \/>\n<script type=\"application\/ld+json\" class=\"yoast-schema-graph\">{\n\t    \"@context\": \"https:\\\/\\\/schema.org\",\n\t    \"@graph\": [\n\t        {\n\t            \"@type\": \"NewsArticle\",\n\t            \"@id\": \"https:\\\/\\\/www.senneville.ca\\\/en\\\/update-stm-bus-network-redesign-starting-may-18\\\/#article\",\n\t            \"isPartOf\": {\n\t                \"@id\": \"https:\\\/\\\/www.senneville.ca\\\/en\\\/update-stm-bus-network-redesign-starting-may-18\\\/\"\n\t            },\n\t            \"author\": {\n\t                \"name\": \"communications@senneville.ca\",\n\t                \"@id\": \"https:\\\/\\\/www.senneville.ca\\\/en\\\/#\\\/schema\\\/person\\\/4974b1c6bc59e49795a7f6744be5533e\"\n\t            },\n\t            \"headline\": \"Update \u2013 STM Bus Network Redesign Starting May 18\",\n\t            \"datePublished\": \"2026-04-29T20:48:31+00:00\",\n\t            \"dateModified\": \"2026-04-29T20:51:40+00:00\",\n\t            \"mainEntityOfPage\": {\n\t                \"@id\": \"https:\\\/\\\/www.senneville.ca\\\/en\\\/update-stm-bus-network-redesign-starting-may-18\\\/\"\n\t            },\n\t            \"wordCount\": 201,\n\t            \"publisher\": {\n\t                \"@id\": \"https:\\\/\\\/www.senneville.ca\\\/en\\\/#organization\"\n\t            },\n\t            \"image\": {\n\t                \"@id\": \"https:\\\/\\\/www.senneville.ca\\\/en\\\/update-stm-bus-network-redesign-starting-may-18\\\/#primaryimage\"\n\t            },\n\t            \"thumbnailUrl\": \"https:\\\/\\\/www.senneville.ca\\\/wp-content\\\/uploads\\\/2026\\\/02\\\/25306_29-KitMedia_Municipalite_Kiosque__1080x1080.png\",\n\t            \"inLanguage\": \"en-US\"\n\t        },\n\t        {\n\t            \"@type\": \"WebPage\",\n\t            \"@id\": \"https:\\\/\\\/www.senneville.ca\\\/en\\\/update-stm-bus-network-redesign-starting-may-18\\\/\",\n\t            \"url\": \"https:\\\/\\\/www.senneville.ca\\\/en\\\/update-stm-bus-network-redesign-starting-may-18\\\/\",\n\t            \"name\": \"Update \u2013 STM Bus Network Redesign Starting May 18 - Village de Senneville\",\n\t            \"isPartOf\": {\n\t                \"@id\": \"https:\\\/\\\/www.senneville.ca\\\/en\\\/#website\"\n\t            },\n\t            \"primaryImageOfPage\": {\n\t                \"@id\": \"https:\\\/\\\/www.senneville.ca\\\/en\\\/update-stm-bus-network-redesign-starting-may-18\\\/#primaryimage\"\n\t            },\n\t            \"image\": {\n\t                \"@id\": \"https:\\\/\\\/www.senneville.ca\\\/en\\\/update-stm-bus-network-redesign-starting-may-18\\\/#primaryimage\"\n\t            },\n\t            \"thumbnailUrl\": \"https:\\\/\\\/www.senneville.ca\\\/wp-content\\\/uploads\\\/2026\\\/02\\\/25306_29-KitMedia_Municipalite_Kiosque__1080x1080.png\",\n\t            \"datePublished\": \"2026-04-29T20:48:31+00:00\",\n\t            \"dateModified\": \"2026-04-29T20:51:40+00:00\",\n\t            \"breadcrumb\": {\n\t                \"@id\": \"https:\\\/\\\/www.senneville.ca\\\/en\\\/update-stm-bus-network-redesign-starting-may-18\\\/#breadcrumb\"\n\t            },\n\t            \"inLanguage\": \"en-US\",\n\t            \"potentialAction\": [\n\t                {\n\t                    \"@type\": \"ReadAction\",\n\t                    \"target\": [\n\t                        \"https:\\\/\\\/www.senneville.ca\\\/en\\\/update-stm-bus-network-redesign-starting-may-18\\\/\"\n\t                    ]\n\t                }\n\t            ]\n\t        },\n\t        {\n\t            \"@type\": \"ImageObject\",\n\t            \"inLanguage\": \"en-US\",\n\t            \"@id\": \"https:\\\/\\\/www.senneville.ca\\\/en\\\/update-stm-bus-network-redesign-starting-may-18\\\/#primaryimage\",\n\t            \"url\": \"https:\\\/\\\/www.senneville.ca\\\/wp-content\\\/uploads\\\/2026\\\/02\\\/25306_29-KitMedia_Municipalite_Kiosque__1080x1080.png\",\n\t            \"contentUrl\": \"https:\\\/\\\/www.senneville.ca\\\/wp-content\\\/uploads\\\/2026\\\/02\\\/25306_29-KitMedia_Municipalite_Kiosque__1080x1080.png\",\n\t            \"width\": 1080,\n\t            \"height\": 1080\n\t        },\n\t        {\n\t            \"@type\": \"BreadcrumbList\",\n\t            \"@id\": \"https:\\\/\\\/www.senneville.ca\\\/en\\\/update-stm-bus-network-redesign-starting-may-18\\\/#breadcrumb\",\n\t            \"itemListElement\": [\n\t                {\n\t                    \"@type\": \"ListItem\",\n\t                    \"position\": 1,\n\t                    \"name\": \"Home\",\n\t                    \"item\": \"https:\\\/\\\/www.senneville.ca\\\/en\\\/\"\n\t                },\n\t                {\n\t                    \"@type\": \"ListItem\",\n\t                    \"position\": 2,\n\t                    \"name\": \"Update \u2013 STM Bus Network Redesign Starting May 18\"\n\t                }\n\t            ]\n\t        },\n\t        {\n\t            \"@type\": \"WebSite\",\n\t            \"@id\": \"https:\\\/\\\/www.senneville.ca\\\/en\\\/#website\",\n\t            \"url\": \"https:\\\/\\\/www.senneville.ca\\\/en\\\/\",\n\t            \"name\": \"Village de Senneville\",\n\t            \"description\": \"Bienvenue au Village de Senneville\",\n\t            \"publisher\": {\n\t                \"@id\": \"https:\\\/\\\/www.senneville.ca\\\/en\\\/#organization\"\n\t            },\n\t            \"potentialAction\": [\n\t                {\n\t                    \"@type\": \"SearchAction\",\n\t                    \"target\": {\n\t                        \"@type\": \"EntryPoint\",\n\t                        \"urlTemplate\": \"https:\\\/\\\/www.senneville.ca\\\/en\\\/?s={search_term_string}\"\n\t                    },\n\t                    \"query-input\": {\n\t                        \"@type\": \"PropertyValueSpecification\",\n\t                        \"valueRequired\": true,\n\t                        \"valueName\": \"search_term_string\"\n\t                    }\n\t                }\n\t            ],\n\t            \"inLanguage\": \"en-US\"\n\t        },\n\t        {\n\t            \"@type\": \"Organization\",\n\t            \"@id\": \"https:\\\/\\\/www.senneville.ca\\\/en\\\/#organization\",\n\t            \"name\": \"Village de Senneville\",\n\t            \"alternateName\": \"Senneville\",\n\t            \"url\": \"https:\\\/\\\/www.senneville.ca\\\/en\\\/\",\n\t            \"logo\": {\n\t                \"@type\": \"ImageObject\",\n\t                \"inLanguage\": \"en-US\",\n\t                \"@id\": \"https:\\\/\\\/www.senneville.ca\\\/en\\\/#\\\/schema\\\/logo\\\/image\\\/\",\n\t                \"url\": \"https:\\\/\\\/www.senneville.ca\\\/wp-content\\\/uploads\\\/2022\\\/10\\\/Senneville-logo-Pantone.png\",\n\t                \"contentUrl\": \"https:\\\/\\\/www.senneville.ca\\\/wp-content\\\/uploads\\\/2022\\\/10\\\/Senneville-logo-Pantone.png\",\n\t                \"width\": 1547,\n\t                \"height\": 1810,\n\t                \"caption\": \"Village de Senneville\"\n\t            },\n\t            \"image\": {\n\t                \"@id\": \"https:\\\/\\\/www.senneville.ca\\\/en\\\/#\\\/schema\\\/logo\\\/image\\\/\"\n\t            },\n\t            \"sameAs\": [\n\t                \"https:\\\/\\\/www.facebook.com\\\/senneville.ca\",\n\t                \"https:\\\/\\\/ca.linkedin.com\\\/company\\\/village-de-senneville\",\n\t                \"https:\\\/\\\/www.instagram.com\\\/village_senneville\"\n\t            ]\n\t        },\n\t        {\n\t            \"@type\": \"Person\",\n\t            \"@id\": \"https:\\\/\\\/www.senneville.ca\\\/en\\\/#\\\/schema\\\/person\\\/4974b1c6bc59e49795a7f6744be5533e\",\n\t            \"name\": \"communications@senneville.ca\",\n\t            \"image\": {\n\t                \"@type\": \"ImageObject\",\n\t                \"inLanguage\": \"en-US\",\n\t                \"@id\": \"https:\\\/\\\/secure.gravatar.com\\\/avatar\\\/cad81328744c398a11071bb8cf77fa450c11fe3f2f4f8688479c5fdbcc14d6ae?s=96&d=mm&r=g\",\n\t                \"url\": \"https:\\\/\\\/secure.gravatar.com\\\/avatar\\\/cad81328744c398a11071bb8cf77fa450c11fe3f2f4f8688479c5fdbcc14d6ae?s=96&d=mm&r=g\",\n\t                \"contentUrl\": \"https:\\\/\\\/secure.gravatar.com\\\/avatar\\\/cad81328744c398a11071bb8cf77fa450c11fe3f2f4f8688479c5fdbcc14d6ae?s=96&d=mm&r=g\",\n\t                \"caption\": \"communications@senneville.ca\"\n\t            },\n\t            \"url\": \"https:\\\/\\\/www.senneville.ca\\\/en\\\/author\\\/communicationssenneville-ca\\\/\"\n\t        }\n\t    ]\n\t}<\/script>\n<!-- \/ Yoast SEO plugin. -->","yoast_head_json":{"title":"Update \u2013 STM Bus Network Redesign Starting May 18 - Village de Senneville","robots":{"index":"index","follow":"follow","max-snippet":"max-snippet:-1","max-image-preview":"max-image-preview:large","max-video-preview":"max-video-preview:-1"},"canonical":"https:\/\/www.senneville.ca\/en\/update-stm-bus-network-redesign-starting-may-18\/","og_locale":"en_US","og_type":"article","og_title":"Update \u2013 STM Bus Network Redesign Starting May 18 - Village de Senneville","og_description":"The Soci\u00e9t\u00e9 de transport de Montr\u00e9al (STM) will carry out","og_url":"https:\/\/www.senneville.ca\/en\/update-stm-bus-network-redesign-starting-may-18\/","og_site_name":"Village de Senneville","article_publisher":"https:\/\/www.facebook.com\/senneville.ca","article_published_time":"2026-04-29T20:48:31+00:00","article_modified_time":"2026-04-29T20:51:40+00:00","og_image":[{"width":1080,"height":1080,"url":"https:\/\/www.senneville.ca\/wp-content\/uploads\/2026\/02\/25306_29-KitMedia_Municipalite_Kiosque__1080x1080.png","type":"image\/png"}],"author":"communications@senneville.ca","twitter_card":"summary_large_image","twitter_misc":{"Written by":"communications@senneville.ca","Est. reading time":"1 minute"},"schema":{"@context":"https:\/\/schema.org","@graph":[{"@type":"NewsArticle","@id":"https:\/\/www.senneville.ca\/en\/update-stm-bus-network-redesign-starting-may-18\/#article","isPartOf":{"@id":"https:\/\/www.senneville.ca\/en\/update-stm-bus-network-redesign-starting-may-18\/"},"author":{"name":"communications@senneville.ca","@id":"https:\/\/www.senneville.ca\/en\/#\/schema\/person\/4974b1c6bc59e49795a7f6744be5533e"},"headline":"Update \u2013 STM Bus Network Redesign Starting May 18","datePublished":"2026-04-29T20:48:31+00:00","dateModified":"2026-04-29T20:51:40+00:00","mainEntityOfPage":{"@id":"https:\/\/www.senneville.ca\/en\/update-stm-bus-network-redesign-starting-may-18\/"},"wordCount":201,"publisher":{"@id":"https:\/\/www.senneville.ca\/en\/#organization"},"image":{"@id":"https:\/\/www.senneville.ca\/en\/update-stm-bus-network-redesign-starting-may-18\/#primaryimage"},"thumbnailUrl":"https:\/\/www.senneville.ca\/wp-content\/uploads\/2026\/02\/25306_29-KitMedia_Municipalite_Kiosque__1080x1080.png","inLanguage":"en-US"},{"@type":"WebPage","@id":"https:\/\/www.senneville.ca\/en\/update-stm-bus-network-redesign-starting-may-18\/","url":"https:\/\/www.senneville.ca\/en\/update-stm-bus-network-redesign-starting-may-18\/","name":"Update \u2013 STM Bus Network Redesign Starting May 18 - Village de Senneville","isPartOf":{"@id":"https:\/\/www.senneville.ca\/en\/#website"},"primaryImageOfPage":{"@id":"https:\/\/www.senneville.ca\/en\/update-stm-bus-network-redesign-starting-may-18\/#primaryimage"},"image":{"@id":"https:\/\/www.senneville.ca\/en\/update-stm-bus-network-redesign-starting-may-18\/#primaryimage"},"thumbnailUrl":"https:\/\/www.senneville.ca\/wp-content\/uploads\/2026\/02\/25306_29-KitMedia_Municipalite_Kiosque__1080x1080.png","datePublished":"2026-04-29T20:48:31+00:00","dateModified":"2026-04-29T20:51:40+00:00","breadcrumb":{"@id":"https:\/\/www.senneville.ca\/en\/update-stm-bus-network-redesign-starting-may-18\/#breadcrumb"},"inLanguage":"en-US","potentialAction":[{"@type":"ReadAction","target":["https:\/\/www.senneville.ca\/en\/update-stm-bus-network-redesign-starting-may-18\/"]}]},{"@type":"ImageObject","inLanguage":"en-US","@id":"https:\/\/www.senneville.ca\/en\/update-stm-bus-network-redesign-starting-may-18\/#primaryimage","url":"https:\/\/www.senneville.ca\/wp-content\/uploads\/2026\/02\/25306_29-KitMedia_Municipalite_Kiosque__1080x1080.png","contentUrl":"https:\/\/www.senneville.ca\/wp-content\/uploads\/2026\/02\/25306_29-KitMedia_Municipalite_Kiosque__1080x1080.png","width":1080,"height":1080},{"@type":"BreadcrumbList","@id":"https:\/\/www.senneville.ca\/en\/update-stm-bus-network-redesign-starting-may-18\/#breadcrumb","itemListElement":[{"@type":"ListItem","position":1,"name":"Home","item":"https:\/\/www.senneville.ca\/en\/"},{"@type":"ListItem","position":2,"name":"Update \u2013 STM Bus Network Redesign Starting May 18"}]},{"@type":"WebSite","@id":"https:\/\/www.senneville.ca\/en\/#website","url":"https:\/\/www.senneville.ca\/en\/","name":"Village de Senneville","description":"Bienvenue au Village de Senneville","publisher":{"@id":"https:\/\/www.senneville.ca\/en\/#organization"},"potentialAction":[{"@type":"SearchAction","target":{"@type":"EntryPoint","urlTemplate":"https:\/\/www.senneville.ca\/en\/?s={search_term_string}"},"query-input":{"@type":"PropertyValueSpecification","valueRequired":true,"valueName":"search_term_string"}}],"inLanguage":"en-US"},{"@type":"Organization","@id":"https:\/\/www.senneville.ca\/en\/#organization","name":"Village de Senneville","alternateName":"Senneville","url":"https:\/\/www.senneville.ca\/en\/","logo":{"@type":"ImageObject","inLanguage":"en-US","@id":"https:\/\/www.senneville.ca\/en\/#\/schema\/logo\/image\/","url":"https:\/\/www.senneville.ca\/wp-content\/uploads\/2022\/10\/Senneville-logo-Pantone.png","contentUrl":"https:\/\/www.senneville.ca\/wp-content\/uploads\/2022\/10\/Senneville-logo-Pantone.png","width":1547,"height":1810,"caption":"Village de Senneville"},"image":{"@id":"https:\/\/www.senneville.ca\/en\/#\/schema\/logo\/image\/"},"sameAs":["https:\/\/www.facebook.com\/senneville.ca","https:\/\/ca.linkedin.com\/company\/village-de-senneville","https:\/\/www.instagram.com\/village_senneville"]},{"@type":"Person","@id":"https:\/\/www.senneville.ca\/en\/#\/schema\/person\/4974b1c6bc59e49795a7f6744be5533e","name":"communications@senneville.ca","image":{"@type":"ImageObject","inLanguage":"en-US","@id":"https:\/\/secure.gravatar.com\/avatar\/cad81328744c398a11071bb8cf77fa450c11fe3f2f4f8688479c5fdbcc14d6ae?s=96&d=mm&r=g","url":"https:\/\/secure.gravatar.com\/avatar\/cad81328744c398a11071bb8cf77fa450c11fe3f2f4f8688479c5fdbcc14d6ae?s=96&d=mm&r=g","contentUrl":"https:\/\/secure.gravatar.com\/avatar\/cad81328744c398a11071bb8cf77fa450c11fe3f2f4f8688479c5fdbcc14d6ae?s=96&d=mm&r=g","caption":"communications@senneville.ca"},"url":"https:\/\/www.senneville.ca\/en\/author\/communicationssenneville-ca\/"}]}},"_links":{"self":[{"href":"https:\/\/www.senneville.ca\/en\/wp-json\/wp\/v2\/posts\/20615","targetHints":{"allow":["GET"]}}],"collection":[{"href":"https:\/\/www.senneville.ca\/en\/wp-json\/wp\/v2\/posts"}],"about":[{"href":"https:\/\/www.senneville.ca\/en\/wp-json\/wp\/v2\/types\/post"}],"author":[{"embeddable":true,"href":"https:\/\/www.senneville.ca\/en\/wp-json\/wp\/v2\/users\/5"}],"replies":[{"embeddable":true,"href":"https:\/\/www.senneville.ca\/en\/wp-json\/wp\/v2\/comments?post=20615"}],"version-history":[{"count":0,"href":"https:\/\/www.senneville.ca\/en\/wp-json\/wp\/v2\/posts\/20615\/revisions"}],"wp:featuredmedia":[{"embeddable":true,"href":"https:\/\/www.senneville.ca\/en\/wp-json\/wp\/v2\/media\/19715"}],"wp:attachment":[{"href":"https:\/\/www.senneville.ca\/en\/wp-json\/wp\/v2\/media?parent=20615"}],"wp:term":[{"taxonomy":"category","embeddable":true,"href":"https:\/\/www.senneville.ca\/en\/wp-json\/wp\/v2\/categories?post=20615"},{"taxonomy":"post_tag","embeddable":true,"href":"https:\/\/www.senneville.ca\/en\/wp-json\/wp\/v2\/tags?post=20615"}],"curies":[{"name":"wp","href":"https:\/\/api.w.org\/{rel}","templated":true}]}}