{"id":19878,"date":"2026-03-05T12:51:36","date_gmt":"2026-03-05T17:51:36","guid":{"rendered":"https:\/\/www.senneville.ca\/formation-dun-comite-de-pilotage-municipalite-amie-des-aines\/"},"modified":"2026-03-06T08:35:24","modified_gmt":"2026-03-06T13:35:24","slug":"establishment-of-the-municipalite-amie-des-aines-steering-committee","status":"publish","type":"post","link":"https:\/\/www.senneville.ca\/en\/establishment-of-the-municipalite-amie-des-aines-steering-committee\/","title":{"rendered":"Establishment of the\u00a0\u2018\u2018Municipalit\u00e9\u00a0amie des\u00a0a\u00een\u00e9s\u2019\u2019\u00a0Steering Committee"},"content":{"rendered":"\n\n<div class=\"wp-block-post-date\"><time datetime=\"2026-03-05T12:51:36-05:00\">5 March 2026<\/time><\/div>\n\n\n<p>The Village of&nbsp;Senneville&nbsp;is pleased to announce the formation of an&nbsp;<em>Municipalit\u00e9&nbsp;amie des&nbsp;a\u00een\u00e9s&nbsp;<\/em>(AFM) Steering Committee. This committee will be tasked with developing an action plan to better meet the needs of older adults in our community.&nbsp;<\/p>\n\n\n\n<p>The committee members were confirmed during the&nbsp;Municipal&nbsp;Council meeting on February 24, 2026.&nbsp;<\/p>\n\n\n\n<p><strong>Mandate and Objectives<\/strong>&nbsp;<br>The steering committee will work to&nbsp;identify&nbsp;priorities and propose concrete initiatives aimed at:&nbsp;<\/p>\n\n\n\n<ul class=\"wp-block-list\">\n<li>Carrying out the process\u00a0in accordance with\u00a0the principles of collaboration and citizen and social\u00a0participation;\u00a0<\/li>\n<\/ul>\n\n\n\n<ul class=\"wp-block-list\">\n<li>Recommending the\u00a0MADA\u00a0policy and its action plan to the\u00a0Municipal\u00a0Council;\u00a0<\/li>\n<\/ul>\n\n\n\n<ul class=\"wp-block-list\">\n<li>Ensuring the implementation of mechanisms for the execution and monitoring of the action plan.\u00a0<\/li>\n<\/ul>\n\n\n\n<p>The Village&nbsp;seeks&nbsp;to actively involve citizens in this process. Your ideas, concerns, and suggestions will help&nbsp;identify&nbsp;areas for improvement and actions to be taken.&nbsp;<\/p>\n\n\n\n<p><strong>Information and Participation<\/strong>&nbsp;<br>To learn more or to express your interest in&nbsp;participating&nbsp;in public consultations, please contact the Recreation Coordinator by email at:&nbsp;<a href=\"mailto:loisirs@senneville.ca\" target=\"_blank\" rel=\"noreferrer noopener\">loisirs@senneville.ca<\/a>.&nbsp;<\/p>\n\n\n\n<p>Stay tuned for more information on the next steps and initiatives.&nbsp;<\/p>\n","protected":false},"excerpt":{"rendered":"<p>The Village of&nbsp;Senneville&nbsp;is pleased to announce the formation of an&nbsp;Municipalit\u00e9&nbsp;amie<\/p>\n","protected":false},"author":5,"featured_media":19899,"comment_status":"closed","ping_status":"closed","sticky":false,"template":"","format":"standard","meta":{"_acf_changed":false,"inline_featured_image":false,"footnotes":""},"categories":[2,2],"tags":[],"class_list":["post-19878","post","type-post","status-publish","format-standard","has-post-thumbnail","hentry","category-uncategorized"],"acf":[],"yoast_head":"<!-- This site is optimized with the Yoast SEO plugin v27.5 - https:\/\/yoast.com\/product\/yoast-seo-wordpress\/ -->\n<title>Establishment of the\u00a0\u2018\u2018Municipalit\u00e9\u00a0amie des\u00a0a\u00een\u00e9s\u2019\u2019\u00a0Steering Committee - Village de Senneville<\/title>\n<meta name=\"robots\" content=\"index, follow, max-snippet:-1, max-image-preview:large, max-video-preview:-1\" \/>\n<link rel=\"canonical\" href=\"https:\/\/www.senneville.ca\/en\/establishment-of-the-municipalite-amie-des-aines-steering-committee\/\" \/>\n<meta property=\"og:locale\" content=\"en_US\" \/>\n<meta property=\"og:type\" content=\"article\" \/>\n<meta property=\"og:title\" content=\"Establishment of the\u00a0\u2018\u2018Municipalit\u00e9\u00a0amie des\u00a0a\u00een\u00e9s\u2019\u2019\u00a0Steering Committee - Village de Senneville\" \/>\n<meta property=\"og:description\" content=\"The Village of&nbsp;Senneville&nbsp;is pleased to announce the formation of an&nbsp;Municipalit\u00e9&nbsp;amie\" \/>\n<meta property=\"og:url\" content=\"https:\/\/www.senneville.ca\/en\/establishment-of-the-municipalite-amie-des-aines-steering-committee\/\" \/>\n<meta property=\"og:site_name\" content=\"Village de Senneville\" \/>\n<meta property=\"article:publisher\" content=\"https:\/\/www.facebook.com\/senneville.ca\" \/>\n<meta property=\"article:published_time\" content=\"2026-03-05T17:51:36+00:00\" \/>\n<meta property=\"article:modified_time\" content=\"2026-03-06T13:35:24+00:00\" \/>\n<meta property=\"og:image\" content=\"https:\/\/www.senneville.ca\/wp-content\/uploads\/2026\/03\/MADA-2-1.jpg\" \/>\n\t<meta property=\"og:image:width\" content=\"981\" \/>\n\t<meta property=\"og:image:height\" content=\"1047\" \/>\n\t<meta property=\"og:image:type\" content=\"image\/jpeg\" \/>\n<meta name=\"author\" content=\"communications@senneville.ca\" \/>\n<meta name=\"twitter:card\" content=\"summary_large_image\" \/>\n<meta name=\"twitter:label1\" content=\"Written by\" \/>\n\t<meta name=\"twitter:data1\" content=\"communications@senneville.ca\" \/>\n\t<meta name=\"twitter:label2\" content=\"Est. reading time\" \/>\n\t<meta name=\"twitter:data2\" content=\"1 minute\" \/>\n<script type=\"application\/ld+json\" class=\"yoast-schema-graph\">{\n\t    \"@context\": \"https:\\\/\\\/schema.org\",\n\t    \"@graph\": [\n\t        {\n\t            \"@type\": \"NewsArticle\",\n\t            \"@id\": \"https:\\\/\\\/www.senneville.ca\\\/en\\\/establishment-of-the-municipalite-amie-des-aines-steering-committee\\\/#article\",\n\t            \"isPartOf\": {\n\t                \"@id\": \"https:\\\/\\\/www.senneville.ca\\\/en\\\/establishment-of-the-municipalite-amie-des-aines-steering-committee\\\/\"\n\t            },\n\t            \"author\": {\n\t                \"name\": \"communications@senneville.ca\",\n\t                \"@id\": \"https:\\\/\\\/www.senneville.ca\\\/en\\\/#\\\/schema\\\/person\\\/4974b1c6bc59e49795a7f6744be5533e\"\n\t            },\n\t            \"headline\": \"Establishment of the\u00a0\u2018\u2018Municipalit\u00e9\u00a0amie des\u00a0a\u00een\u00e9s\u2019\u2019\u00a0Steering Committee\",\n\t            \"datePublished\": \"2026-03-05T17:51:36+00:00\",\n\t            \"dateModified\": \"2026-03-06T13:35:24+00:00\",\n\t            \"mainEntityOfPage\": {\n\t                \"@id\": \"https:\\\/\\\/www.senneville.ca\\\/en\\\/establishment-of-the-municipalite-amie-des-aines-steering-committee\\\/\"\n\t            },\n\t            \"wordCount\": 213,\n\t            \"publisher\": {\n\t                \"@id\": \"https:\\\/\\\/www.senneville.ca\\\/en\\\/#organization\"\n\t            },\n\t            \"image\": {\n\t                \"@id\": \"https:\\\/\\\/www.senneville.ca\\\/en\\\/establishment-of-the-municipalite-amie-des-aines-steering-committee\\\/#primaryimage\"\n\t            },\n\t            \"thumbnailUrl\": \"https:\\\/\\\/www.senneville.ca\\\/wp-content\\\/uploads\\\/2026\\\/03\\\/MADA-2-1.jpg\",\n\t            \"inLanguage\": \"en-US\"\n\t        },\n\t        {\n\t            \"@type\": \"WebPage\",\n\t            \"@id\": \"https:\\\/\\\/www.senneville.ca\\\/en\\\/establishment-of-the-municipalite-amie-des-aines-steering-committee\\\/\",\n\t            \"url\": \"https:\\\/\\\/www.senneville.ca\\\/en\\\/establishment-of-the-municipalite-amie-des-aines-steering-committee\\\/\",\n\t            \"name\": \"Establishment of the\u00a0\u2018\u2018Municipalit\u00e9\u00a0amie des\u00a0a\u00een\u00e9s\u2019\u2019\u00a0Steering Committee - Village de Senneville\",\n\t            \"isPartOf\": {\n\t                \"@id\": \"https:\\\/\\\/www.senneville.ca\\\/en\\\/#website\"\n\t            },\n\t            \"primaryImageOfPage\": {\n\t                \"@id\": \"https:\\\/\\\/www.senneville.ca\\\/en\\\/establishment-of-the-municipalite-amie-des-aines-steering-committee\\\/#primaryimage\"\n\t            },\n\t            \"image\": {\n\t                \"@id\": \"https:\\\/\\\/www.senneville.ca\\\/en\\\/establishment-of-the-municipalite-amie-des-aines-steering-committee\\\/#primaryimage\"\n\t            },\n\t            \"thumbnailUrl\": \"https:\\\/\\\/www.senneville.ca\\\/wp-content\\\/uploads\\\/2026\\\/03\\\/MADA-2-1.jpg\",\n\t            \"datePublished\": \"2026-03-05T17:51:36+00:00\",\n\t            \"dateModified\": \"2026-03-06T13:35:24+00:00\",\n\t            \"breadcrumb\": {\n\t                \"@id\": \"https:\\\/\\\/www.senneville.ca\\\/en\\\/establishment-of-the-municipalite-amie-des-aines-steering-committee\\\/#breadcrumb\"\n\t            },\n\t            \"inLanguage\": \"en-US\",\n\t            \"potentialAction\": [\n\t                {\n\t                    \"@type\": \"ReadAction\",\n\t                    \"target\": [\n\t                        \"https:\\\/\\\/www.senneville.ca\\\/en\\\/establishment-of-the-municipalite-amie-des-aines-steering-committee\\\/\"\n\t                    ]\n\t                }\n\t            ]\n\t        },\n\t        {\n\t            \"@type\": \"ImageObject\",\n\t            \"inLanguage\": \"en-US\",\n\t            \"@id\": \"https:\\\/\\\/www.senneville.ca\\\/en\\\/establishment-of-the-municipalite-amie-des-aines-steering-committee\\\/#primaryimage\",\n\t            \"url\": \"https:\\\/\\\/www.senneville.ca\\\/wp-content\\\/uploads\\\/2026\\\/03\\\/MADA-2-1.jpg\",\n\t            \"contentUrl\": \"https:\\\/\\\/www.senneville.ca\\\/wp-content\\\/uploads\\\/2026\\\/03\\\/MADA-2-1.jpg\",\n\t            \"width\": 981,\n\t            \"height\": 1047\n\t        },\n\t        {\n\t            \"@type\": \"BreadcrumbList\",\n\t            \"@id\": \"https:\\\/\\\/www.senneville.ca\\\/en\\\/establishment-of-the-municipalite-amie-des-aines-steering-committee\\\/#breadcrumb\",\n\t            \"itemListElement\": [\n\t                {\n\t                    \"@type\": \"ListItem\",\n\t                    \"position\": 1,\n\t                    \"name\": \"Home\",\n\t                    \"item\": \"https:\\\/\\\/www.senneville.ca\\\/en\\\/\"\n\t                },\n\t                {\n\t                    \"@type\": \"ListItem\",\n\t                    \"position\": 2,\n\t                    \"name\": \"Establishment of the\u00a0\u2018\u2018Municipalit\u00e9\u00a0amie des\u00a0a\u00een\u00e9s\u2019\u2019\u00a0Steering Committee\"\n\t                }\n\t            ]\n\t        },\n\t        {\n\t            \"@type\": \"WebSite\",\n\t            \"@id\": \"https:\\\/\\\/www.senneville.ca\\\/en\\\/#website\",\n\t            \"url\": \"https:\\\/\\\/www.senneville.ca\\\/en\\\/\",\n\t            \"name\": \"Village de Senneville\",\n\t            \"description\": \"Bienvenue au Village de Senneville\",\n\t            \"publisher\": {\n\t                \"@id\": \"https:\\\/\\\/www.senneville.ca\\\/en\\\/#organization\"\n\t            },\n\t            \"potentialAction\": [\n\t                {\n\t                    \"@type\": \"SearchAction\",\n\t                    \"target\": {\n\t                        \"@type\": \"EntryPoint\",\n\t                        \"urlTemplate\": \"https:\\\/\\\/www.senneville.ca\\\/en\\\/?s={search_term_string}\"\n\t                    },\n\t                    \"query-input\": {\n\t                        \"@type\": \"PropertyValueSpecification\",\n\t                        \"valueRequired\": true,\n\t                        \"valueName\": \"search_term_string\"\n\t                    }\n\t                }\n\t            ],\n\t            \"inLanguage\": \"en-US\"\n\t        },\n\t        {\n\t            \"@type\": \"Organization\",\n\t            \"@id\": \"https:\\\/\\\/www.senneville.ca\\\/en\\\/#organization\",\n\t            \"name\": \"Village de Senneville\",\n\t            \"alternateName\": \"Senneville\",\n\t            \"url\": \"https:\\\/\\\/www.senneville.ca\\\/en\\\/\",\n\t            \"logo\": {\n\t                \"@type\": \"ImageObject\",\n\t                \"inLanguage\": \"en-US\",\n\t                \"@id\": \"https:\\\/\\\/www.senneville.ca\\\/en\\\/#\\\/schema\\\/logo\\\/image\\\/\",\n\t                \"url\": \"https:\\\/\\\/www.senneville.ca\\\/wp-content\\\/uploads\\\/2022\\\/10\\\/Senneville-logo-Pantone.png\",\n\t                \"contentUrl\": \"https:\\\/\\\/www.senneville.ca\\\/wp-content\\\/uploads\\\/2022\\\/10\\\/Senneville-logo-Pantone.png\",\n\t                \"width\": 1547,\n\t                \"height\": 1810,\n\t                \"caption\": \"Village de Senneville\"\n\t            },\n\t            \"image\": {\n\t                \"@id\": \"https:\\\/\\\/www.senneville.ca\\\/en\\\/#\\\/schema\\\/logo\\\/image\\\/\"\n\t            },\n\t            \"sameAs\": [\n\t                \"https:\\\/\\\/www.facebook.com\\\/senneville.ca\",\n\t                \"https:\\\/\\\/ca.linkedin.com\\\/company\\\/village-de-senneville\",\n\t                \"https:\\\/\\\/www.instagram.com\\\/village_senneville\"\n\t            ]\n\t        },\n\t        {\n\t            \"@type\": \"Person\",\n\t            \"@id\": \"https:\\\/\\\/www.senneville.ca\\\/en\\\/#\\\/schema\\\/person\\\/4974b1c6bc59e49795a7f6744be5533e\",\n\t            \"name\": \"communications@senneville.ca\",\n\t            \"image\": {\n\t                \"@type\": \"ImageObject\",\n\t                \"inLanguage\": \"en-US\",\n\t                \"@id\": \"https:\\\/\\\/secure.gravatar.com\\\/avatar\\\/cad81328744c398a11071bb8cf77fa450c11fe3f2f4f8688479c5fdbcc14d6ae?s=96&d=mm&r=g\",\n\t                \"url\": \"https:\\\/\\\/secure.gravatar.com\\\/avatar\\\/cad81328744c398a11071bb8cf77fa450c11fe3f2f4f8688479c5fdbcc14d6ae?s=96&d=mm&r=g\",\n\t                \"contentUrl\": \"https:\\\/\\\/secure.gravatar.com\\\/avatar\\\/cad81328744c398a11071bb8cf77fa450c11fe3f2f4f8688479c5fdbcc14d6ae?s=96&d=mm&r=g\",\n\t                \"caption\": \"communications@senneville.ca\"\n\t            },\n\t            \"url\": \"https:\\\/\\\/www.senneville.ca\\\/en\\\/author\\\/communicationssenneville-ca\\\/\"\n\t        }\n\t    ]\n\t}<\/script>\n<!-- \/ Yoast SEO plugin. -->","yoast_head_json":{"title":"Establishment of the\u00a0\u2018\u2018Municipalit\u00e9\u00a0amie des\u00a0a\u00een\u00e9s\u2019\u2019\u00a0Steering Committee - Village de Senneville","robots":{"index":"index","follow":"follow","max-snippet":"max-snippet:-1","max-image-preview":"max-image-preview:large","max-video-preview":"max-video-preview:-1"},"canonical":"https:\/\/www.senneville.ca\/en\/establishment-of-the-municipalite-amie-des-aines-steering-committee\/","og_locale":"en_US","og_type":"article","og_title":"Establishment of the\u00a0\u2018\u2018Municipalit\u00e9\u00a0amie des\u00a0a\u00een\u00e9s\u2019\u2019\u00a0Steering Committee - Village de Senneville","og_description":"The Village of&nbsp;Senneville&nbsp;is pleased to announce the formation of an&nbsp;Municipalit\u00e9&nbsp;amie","og_url":"https:\/\/www.senneville.ca\/en\/establishment-of-the-municipalite-amie-des-aines-steering-committee\/","og_site_name":"Village de Senneville","article_publisher":"https:\/\/www.facebook.com\/senneville.ca","article_published_time":"2026-03-05T17:51:36+00:00","article_modified_time":"2026-03-06T13:35:24+00:00","og_image":[{"width":981,"height":1047,"url":"https:\/\/www.senneville.ca\/wp-content\/uploads\/2026\/03\/MADA-2-1.jpg","type":"image\/jpeg"}],"author":"communications@senneville.ca","twitter_card":"summary_large_image","twitter_misc":{"Written by":"communications@senneville.ca","Est. reading time":"1 minute"},"schema":{"@context":"https:\/\/schema.org","@graph":[{"@type":"NewsArticle","@id":"https:\/\/www.senneville.ca\/en\/establishment-of-the-municipalite-amie-des-aines-steering-committee\/#article","isPartOf":{"@id":"https:\/\/www.senneville.ca\/en\/establishment-of-the-municipalite-amie-des-aines-steering-committee\/"},"author":{"name":"communications@senneville.ca","@id":"https:\/\/www.senneville.ca\/en\/#\/schema\/person\/4974b1c6bc59e49795a7f6744be5533e"},"headline":"Establishment of the\u00a0\u2018\u2018Municipalit\u00e9\u00a0amie des\u00a0a\u00een\u00e9s\u2019\u2019\u00a0Steering Committee","datePublished":"2026-03-05T17:51:36+00:00","dateModified":"2026-03-06T13:35:24+00:00","mainEntityOfPage":{"@id":"https:\/\/www.senneville.ca\/en\/establishment-of-the-municipalite-amie-des-aines-steering-committee\/"},"wordCount":213,"publisher":{"@id":"https:\/\/www.senneville.ca\/en\/#organization"},"image":{"@id":"https:\/\/www.senneville.ca\/en\/establishment-of-the-municipalite-amie-des-aines-steering-committee\/#primaryimage"},"thumbnailUrl":"https:\/\/www.senneville.ca\/wp-content\/uploads\/2026\/03\/MADA-2-1.jpg","inLanguage":"en-US"},{"@type":"WebPage","@id":"https:\/\/www.senneville.ca\/en\/establishment-of-the-municipalite-amie-des-aines-steering-committee\/","url":"https:\/\/www.senneville.ca\/en\/establishment-of-the-municipalite-amie-des-aines-steering-committee\/","name":"Establishment of the\u00a0\u2018\u2018Municipalit\u00e9\u00a0amie des\u00a0a\u00een\u00e9s\u2019\u2019\u00a0Steering Committee - Village de Senneville","isPartOf":{"@id":"https:\/\/www.senneville.ca\/en\/#website"},"primaryImageOfPage":{"@id":"https:\/\/www.senneville.ca\/en\/establishment-of-the-municipalite-amie-des-aines-steering-committee\/#primaryimage"},"image":{"@id":"https:\/\/www.senneville.ca\/en\/establishment-of-the-municipalite-amie-des-aines-steering-committee\/#primaryimage"},"thumbnailUrl":"https:\/\/www.senneville.ca\/wp-content\/uploads\/2026\/03\/MADA-2-1.jpg","datePublished":"2026-03-05T17:51:36+00:00","dateModified":"2026-03-06T13:35:24+00:00","breadcrumb":{"@id":"https:\/\/www.senneville.ca\/en\/establishment-of-the-municipalite-amie-des-aines-steering-committee\/#breadcrumb"},"inLanguage":"en-US","potentialAction":[{"@type":"ReadAction","target":["https:\/\/www.senneville.ca\/en\/establishment-of-the-municipalite-amie-des-aines-steering-committee\/"]}]},{"@type":"ImageObject","inLanguage":"en-US","@id":"https:\/\/www.senneville.ca\/en\/establishment-of-the-municipalite-amie-des-aines-steering-committee\/#primaryimage","url":"https:\/\/www.senneville.ca\/wp-content\/uploads\/2026\/03\/MADA-2-1.jpg","contentUrl":"https:\/\/www.senneville.ca\/wp-content\/uploads\/2026\/03\/MADA-2-1.jpg","width":981,"height":1047},{"@type":"BreadcrumbList","@id":"https:\/\/www.senneville.ca\/en\/establishment-of-the-municipalite-amie-des-aines-steering-committee\/#breadcrumb","itemListElement":[{"@type":"ListItem","position":1,"name":"Home","item":"https:\/\/www.senneville.ca\/en\/"},{"@type":"ListItem","position":2,"name":"Establishment of the\u00a0\u2018\u2018Municipalit\u00e9\u00a0amie des\u00a0a\u00een\u00e9s\u2019\u2019\u00a0Steering Committee"}]},{"@type":"WebSite","@id":"https:\/\/www.senneville.ca\/en\/#website","url":"https:\/\/www.senneville.ca\/en\/","name":"Village de Senneville","description":"Bienvenue au Village de Senneville","publisher":{"@id":"https:\/\/www.senneville.ca\/en\/#organization"},"potentialAction":[{"@type":"SearchAction","target":{"@type":"EntryPoint","urlTemplate":"https:\/\/www.senneville.ca\/en\/?s={search_term_string}"},"query-input":{"@type":"PropertyValueSpecification","valueRequired":true,"valueName":"search_term_string"}}],"inLanguage":"en-US"},{"@type":"Organization","@id":"https:\/\/www.senneville.ca\/en\/#organization","name":"Village de Senneville","alternateName":"Senneville","url":"https:\/\/www.senneville.ca\/en\/","logo":{"@type":"ImageObject","inLanguage":"en-US","@id":"https:\/\/www.senneville.ca\/en\/#\/schema\/logo\/image\/","url":"https:\/\/www.senneville.ca\/wp-content\/uploads\/2022\/10\/Senneville-logo-Pantone.png","contentUrl":"https:\/\/www.senneville.ca\/wp-content\/uploads\/2022\/10\/Senneville-logo-Pantone.png","width":1547,"height":1810,"caption":"Village de Senneville"},"image":{"@id":"https:\/\/www.senneville.ca\/en\/#\/schema\/logo\/image\/"},"sameAs":["https:\/\/www.facebook.com\/senneville.ca","https:\/\/ca.linkedin.com\/company\/village-de-senneville","https:\/\/www.instagram.com\/village_senneville"]},{"@type":"Person","@id":"https:\/\/www.senneville.ca\/en\/#\/schema\/person\/4974b1c6bc59e49795a7f6744be5533e","name":"communications@senneville.ca","image":{"@type":"ImageObject","inLanguage":"en-US","@id":"https:\/\/secure.gravatar.com\/avatar\/cad81328744c398a11071bb8cf77fa450c11fe3f2f4f8688479c5fdbcc14d6ae?s=96&d=mm&r=g","url":"https:\/\/secure.gravatar.com\/avatar\/cad81328744c398a11071bb8cf77fa450c11fe3f2f4f8688479c5fdbcc14d6ae?s=96&d=mm&r=g","contentUrl":"https:\/\/secure.gravatar.com\/avatar\/cad81328744c398a11071bb8cf77fa450c11fe3f2f4f8688479c5fdbcc14d6ae?s=96&d=mm&r=g","caption":"communications@senneville.ca"},"url":"https:\/\/www.senneville.ca\/en\/author\/communicationssenneville-ca\/"}]}},"_links":{"self":[{"href":"https:\/\/www.senneville.ca\/en\/wp-json\/wp\/v2\/posts\/19878","targetHints":{"allow":["GET"]}}],"collection":[{"href":"https:\/\/www.senneville.ca\/en\/wp-json\/wp\/v2\/posts"}],"about":[{"href":"https:\/\/www.senneville.ca\/en\/wp-json\/wp\/v2\/types\/post"}],"author":[{"embeddable":true,"href":"https:\/\/www.senneville.ca\/en\/wp-json\/wp\/v2\/users\/5"}],"replies":[{"embeddable":true,"href":"https:\/\/www.senneville.ca\/en\/wp-json\/wp\/v2\/comments?post=19878"}],"version-history":[{"count":0,"href":"https:\/\/www.senneville.ca\/en\/wp-json\/wp\/v2\/posts\/19878\/revisions"}],"wp:featuredmedia":[{"embeddable":true,"href":"https:\/\/www.senneville.ca\/en\/wp-json\/wp\/v2\/media\/19899"}],"wp:attachment":[{"href":"https:\/\/www.senneville.ca\/en\/wp-json\/wp\/v2\/media?parent=19878"}],"wp:term":[{"taxonomy":"category","embeddable":true,"href":"https:\/\/www.senneville.ca\/en\/wp-json\/wp\/v2\/categories?post=19878"},{"taxonomy":"post_tag","embeddable":true,"href":"https:\/\/www.senneville.ca\/en\/wp-json\/wp\/v2\/tags?post=19878"}],"curies":[{"name":"wp","href":"https:\/\/api.w.org\/{rel}","templated":true}]}}